{"id":100,"date":"2024-04-20T06:49:51","date_gmt":"2024-04-20T06:49:51","guid":{"rendered":"https:\/\/centrum.olsztyn.pl\/?p=100"},"modified":"2026-01-06T12:07:00","modified_gmt":"2026-01-06T12:07:00","slug":"wsparcie","status":"publish","type":"post","link":"https:\/\/centrum.olsztyn.pl\/index.php\/2024\/04\/20\/wsparcie\/","title":{"rendered":"Wsparcie"},"content":{"rendered":"\n<p>Oferuj\u0119:<\/p>\n\n\n\n<ul class=\"wp-block-list\">\n<li>Wsparcie w kryzysie, tzw. interwencj\u0119 kryzysow\u0105 \u2013 dla os\u00f3b w trudnej sytuacji \u017cyciowej, kryzysie, m.in. w przypadku: \u015bmierci bliskiej osoby, powa\u017cnej choroby w\u0142asnej lub bliskiej osoby, doznanego wypadku, rozpadu zwi\u0105zku, my\u015bli samob\u00f3jczych, pr\u00f3b samob\u00f3jczych, do\u015bwiadczenia przemocy, silnego stresu, uraty pracy i innych<\/li>\n\n\n\n<li>Wsparcie w relacjach mi\u0119dzyludzkich \u2013 dla os\u00f3b z brakiem motywacji, problemami w kontaktach interpersonalnych (stresem w kontakcie z lud\u017ami), do\u015bwiadczaj\u0105cych samotno\u015bci<\/li>\n<\/ul>\n","protected":false},"excerpt":{"rendered":"<p>Oferuj\u0119:<\/p>\n","protected":false},"author":1,"featured_media":0,"comment_status":"open","ping_status":"open","sticky":false,"template":"","format":"standard","meta":{"footnotes":""},"categories":[6],"tags":[],"class_list":["post-100","post","type-post","status-publish","format-standard","hentry","category-oferta"],"_links":{"self":[{"href":"https:\/\/centrum.olsztyn.pl\/index.php\/wp-json\/wp\/v2\/posts\/100","targetHints":{"allow":["GET"]}}],"collection":[{"href":"https:\/\/centrum.olsztyn.pl\/index.php\/wp-json\/wp\/v2\/posts"}],"about":[{"href":"https:\/\/centrum.olsztyn.pl\/index.php\/wp-json\/wp\/v2\/types\/post"}],"author":[{"embeddable":true,"href":"https:\/\/centrum.olsztyn.pl\/index.php\/wp-json\/wp\/v2\/users\/1"}],"replies":[{"embeddable":true,"href":"https:\/\/centrum.olsztyn.pl\/index.php\/wp-json\/wp\/v2\/comments?post=100"}],"version-history":[{"count":1,"href":"https:\/\/centrum.olsztyn.pl\/index.php\/wp-json\/wp\/v2\/posts\/100\/revisions"}],"predecessor-version":[{"id":101,"href":"https:\/\/centrum.olsztyn.pl\/index.php\/wp-json\/wp\/v2\/posts\/100\/revisions\/101"}],"wp:attachment":[{"href":"https:\/\/centrum.olsztyn.pl\/index.php\/wp-json\/wp\/v2\/media?parent=100"}],"wp:term":[{"taxonomy":"category","embeddable":true,"href":"https:\/\/centrum.olsztyn.pl\/index.php\/wp-json\/wp\/v2\/categories?post=100"},{"taxonomy":"post_tag","embeddable":true,"href":"https:\/\/centrum.olsztyn.pl\/index.php\/wp-json\/wp\/v2\/tags?post=100"}],"curies":[{"name":"wp","href":"https:\/\/api.w.org\/{rel}","templated":true}]}}